{"id":20551,"date":"2020-02-08T11:20:35","date_gmt":"2020-02-08T08:20:35","guid":{"rendered":"https:\/\/nadegda.de\/2020\/02\/08\/9-fevralja-nedelja-o-mytare-i-farisee\/"},"modified":"2020-02-08T11:20:35","modified_gmt":"2020-02-08T08:20:35","slug":"9-fevralja-nedelja-o-mytare-i-farisee","status":"publish","type":"post","link":"https:\/\/nadegda.de\/de\/material\/poslanija-i-stati\/9-fevralja-nedelja-o-mytare-i-farisee\/","title":{"rendered":"9. Februar. Die Woche des Z\u00f6llners und Pharis\u00e4ers (aktualisiert)"},"content":{"rendered":"<p style=\"text-align: right;\"><span style=\"font-family: book antiqua, palatino;\"><em><span style=\"color: #ff0000;\"><img decoding=\"async\" class=\"alignleft size-full wp-image-20529\" style=\"margin: 10px; float: left;\" src=\"https:\/\/nadegda.de\/wp-content\/uploads\/2020\/02\/IMG-20200210-WA0009.jpg\" alt=\"IMG 20200210 WA0009\" width=\"177\" height=\"133\" \/>\"Fliehen wir vor dem Hochmut des Pharis\u00e4ers, und lernen wir vom Z\u00f6llner den Hochmut der Dem\u00fctigen...\"<\/span> <\/em><\/span><\/p>\n<p>&nbsp;Mit dem Sonntag \"\u00fcber den Z\u00f6llner und Pharis\u00e4er\" beginnt die Vorbereitung auf die Fastenzeit - eine Bu\u00dfzeit, die uns wiederum auf das wichtigste kirchliche Fest vorbereitet - das Pascha Christi.<\/p>\n<p>&nbsp;Am Vorabend der Alln\u00e4chtlichen Vigil h\u00f6rten wir zum ersten Mal in diesem Jahr die Worte des Gebets: <em>\"\u00d6ffne mir die T\u00fcren der Reue, oh Lebensspender...\"<\/em><\/p>\n<p><!--more--><\/p>\n<p>&nbsp;<\/p>\n<p><em><img decoding=\"async\" class=\"alignleft size-full wp-image-20530\" style=\"margin: 10px; float: left;\" src=\"https:\/\/nadegda.de\/wp-content\/uploads\/2020\/02\/IMG-20200210-WA0015.jpg\" alt=\"IMG 20200210 WA0015\" width=\"177\" height=\"133\" \/><\/em><\/p>\n<p>An diesem Sonntagnachmittag feierte Rektor Vadim Abramov in Begleitung von Diakon Igor Shchirovsky die G\u00f6ttliche Liturgie in unserer Kirche.<\/p>\n<p>Am Ende der Liturgie wurde ein Requiem f\u00fcr alle Verstorbenen gefeiert, die in der Zeit der Verfolgung f\u00fcr den Glauben an Christus gelitten haben, und der Koliv wurde geweiht.<\/p>\n<p>&nbsp; Herzlichen Gl\u00fcckwunsch an die Geburtstagskinder sowie an die Familie Shinkarev zur Geburt von Zwillingen.<\/p>\n<p>&nbsp;Nach dem Essen gab es einen Gebetsgottesdienst f\u00fcr unsere Gemeindemitglieder, die auf Pilgerreise ins Heilige Land gehen.<\/p>\n<p>&nbsp;<\/p>\n<p><img decoding=\"async\" class=\"alignleft size-full wp-image-20531\" style=\"margin: 10px; float: left;\" src=\"https:\/\/nadegda.de\/wp-content\/uploads\/2020\/02\/IMG-20200210-WA0016.jpg\" alt=\"IMG 20200210 WA0016\" width=\"177\" height=\"133\" \/><em>\"Heute ist die Kirche Russlands voller Freude,<\/em> \"So singt die Kirche heute, wenn sie den Sobor der neuen M\u00e4rtyrer und Bekenner Russlands feiert.<\/p>\n<p>&nbsp;<\/p>\n<p>&nbsp;Der Synaxar des Sabbats sagt das auch,<em> \"wie die Anf\u00fchrer vor der Miliz, die sich bereits in Formation befindet, von den Heldentaten der alten M\u00e4nner sprechen und damit die Soldaten ermutigen.\"<\/em>In gleicher Weise ermutigt uns die Kirche, die uns auf die Heldentaten der Fastenzeit vorbereitet, durch das Beispiel unserer Landsleute und Zeitgenossen. Wir gedenken heute der M\u00e4rtyrer und Bekenner Russlands, die im Fasten gegl\u00e4nzt haben - \"...\".<em> Sie lehren, dass das Fasten nicht nur in der Entfremdung von der Nahrung besteht, sondern auch in der Z\u00fcgelung von Zunge, Herz und Augen\".<\/em><\/p>\n<p>&nbsp;<\/p>\n<p>&nbsp;<\/p>\n<p><img loading=\"lazy\" decoding=\"async\" class=\"alignleft size-full wp-image-20532\" style=\"margin: 10px; float: left;\" src=\"https:\/\/nadegda.de\/wp-content\/uploads\/2020\/02\/20200209_151716.jpg\" alt=\"20200209 151716\" width=\"177\" height=\"133\" \/>&nbsp; Anschlie\u00dfend fand ein Abend zum Gedenken an die neuen M\u00e4rtyrer und Bekenner der Kirche Russlands statt, der von unseren Gemeindemitgliedern literarisch und musikalisch gestaltet wurde.<\/p>\n<p>&nbsp;Wir h\u00f6rten Geschichten \u00fcber das Leben der hl. Hilarion (Troitsky) und Mutter Maria Elisabeth.<\/p>\n<p>&nbsp;Die musikalische Begleitung wurde von der Familie Wagenblas vorbereitet.<\/p>\n<p>&nbsp;<\/p>\n<p>&nbsp;<\/p>\n<p>&nbsp;<\/p>\n<p><img loading=\"lazy\" decoding=\"async\" class=\"alignleft size-full wp-image-20533\" style=\"margin: 10px; float: left;\" src=\"https:\/\/nadegda.de\/wp-content\/uploads\/2020\/02\/triod-postnaya-v-2-h-knigah-90763-443564.jpg\" alt=\"triod postnaya v 2 h knigah 90763 443564\" width=\"89\" height=\"133\" \/>&nbsp;An diesem Tag \u00f6ffnet die Kirche zum ersten Mal ein Buch, das fast ein ganzes Jahr lang im Regal gestanden hat. Der Name dieses Buches ist das Triodion der Fastenzeit (drei Lieder).<\/p>\n<p>Die Z\u00e4hlung der Wochen \"an Pfingsten\" ist vorbei, und die Vorbereitungswochen f\u00fcr die Fastenzeit haben begonnen. Und da, wie das Sprichwort sagt: <em><strong>\"Fasten ist nicht f\u00fcr den Bauch, sondern f\u00fcr den Geist.\"<\/strong><\/em> - diese Woche ist eine \"nicht-pharis\u00e4ische\" Woche - eine feste Woche. Das bedeutet, <strong>dass wir in dieser Woche des \"Z\u00f6llners und Pharis\u00e4ers\" weder am Mittwoch noch am Freitag fasten.<\/strong><\/p>\n<p>&nbsp;<\/p>\n<p>&nbsp;<\/p>\n<p>&nbsp;<\/p>\n<p style=\"text-align: center;\">* * *<\/p>\n<p>&nbsp;<\/p>\n<p style=\"text-align: center;\"><strong><span style=\"color: #ff0000;\">Fotoalbum<\/span><\/strong><\/p>\n<p>&nbsp;<\/p>\n<p>&nbsp;<img decoding=\"async\" class=\"size-full wp-image-20534\" style=\"margin: 10px;\" src=\"https:\/\/nadegda.de\/wp-content\/uploads\/2020\/02\/IMG-20200209-WA0026.jpg\" alt=\"\" height=\"133\" \/><img decoding=\"async\" class=\"size-full wp-image-20535\" style=\"margin: 10px;\" src=\"https:\/\/nadegda.de\/wp-content\/uploads\/2020\/02\/IMG-20200209-WA0023.jpg\" alt=\"\" height=\"133\" \/><img loading=\"lazy\" decoding=\"async\" class=\"alignleft size-full wp-image-20536\" style=\"margin: 10px; float: left;\" src=\"https:\/\/nadegda.de\/wp-content\/uploads\/2020\/02\/IMG-20200210-WA0007.jpg\" alt=\"IMG 20200210 WA0007\" width=\"177\" height=\"133\" \/><img decoding=\"async\" class=\"size-full wp-image-20537\" style=\"margin: 10px;\" src=\"https:\/\/nadegda.de\/wp-content\/uploads\/2020\/02\/IMG-20200209-WA0020.jpg\" alt=\"\" height=\"133\" \/><img decoding=\"async\" class=\"size-full wp-image-20538\" style=\"margin: 10px;\" src=\"https:\/\/nadegda.de\/wp-content\/uploads\/2020\/02\/IMG-20200209-WA0027.jpg\" alt=\"\" height=\"133\" \/><img decoding=\"async\" class=\"size-full wp-image-20539\" style=\"margin: 10px;\" src=\"https:\/\/nadegda.de\/wp-content\/uploads\/2020\/02\/IMG-20200209-WA0021.jpg\" alt=\"\" height=\"133\" \/><img decoding=\"async\" class=\"size-full wp-image-20540\" style=\"margin: 10px;\" src=\"https:\/\/nadegda.de\/wp-content\/uploads\/2020\/02\/IMG-20200209-WA0025.jpg\" alt=\"\" height=\"133\" \/><img decoding=\"async\" class=\"size-full wp-image-20541\" style=\"margin: 10px;\" src=\"https:\/\/nadegda.de\/wp-content\/uploads\/2020\/02\/IMG-20200209-WA0012.jpg\" alt=\"\" height=\"133\" \/><img decoding=\"async\" class=\"size-full wp-image-20542\" style=\"margin: 10px;\" src=\"https:\/\/nadegda.de\/wp-content\/uploads\/2020\/02\/IMG-20200209-WA0011.jpg\" alt=\"\" height=\"133\" \/><img decoding=\"async\" class=\"size-full wp-image-20543\" style=\"margin: 10px;\" src=\"https:\/\/nadegda.de\/wp-content\/uploads\/2020\/02\/IMG-20200209-WA0010.jpg\" alt=\"\" height=\"133\" \/><img decoding=\"async\" class=\"size-full wp-image-20544\" style=\"margin: 10px;\" src=\"https:\/\/nadegda.de\/wp-content\/uploads\/2020\/02\/IMG-20200209-WA0009.jpg\" alt=\"\" height=\"133\" \/><img decoding=\"async\" class=\"size-full wp-image-20545\" style=\"margin: 10px;\" src=\"https:\/\/nadegda.de\/wp-content\/uploads\/2020\/02\/20200209_154249.jpg\" alt=\"\" height=\"133\" \/><img decoding=\"async\" class=\"size-full wp-image-20546\" style=\"margin: 10px;\" src=\"https:\/\/nadegda.de\/wp-content\/uploads\/2020\/02\/20200209_153916.jpg\" alt=\"\" height=\"133\" \/><img decoding=\"async\" class=\"size-full wp-image-20547\" style=\"margin: 10px;\" src=\"https:\/\/nadegda.de\/wp-content\/uploads\/2020\/02\/20200209_152903.jpg\" alt=\"\" height=\"133\" \/><img decoding=\"async\" class=\"size-full wp-image-20548\" style=\"margin: 10px;\" src=\"https:\/\/nadegda.de\/wp-content\/uploads\/2020\/02\/20200209_152621.jpg\" alt=\"\" height=\"133\" \/><img decoding=\"async\" class=\"size-full wp-image-20549\" style=\"margin: 10px;\" src=\"https:\/\/nadegda.de\/wp-content\/uploads\/2020\/02\/20200209_150534.jpg\" alt=\"\" height=\"133\" \/><img decoding=\"async\" class=\"size-full wp-image-20550\" style=\"margin: 10px;\" src=\"https:\/\/nadegda.de\/wp-content\/uploads\/2020\/02\/20200209_150524.jpg\" alt=\"\" height=\"133\" \/><\/p>\n<p>&nbsp;<\/p>","protected":false},"excerpt":{"rendered":"<p>\"Lasst uns vor der Hochmut der Pharis\u00e4er fliehen, und lasst uns von den Z\u00f6llnern den Hochmut der Dem\u00fctigen lernen...\"  Mit dem Sonntag \"\u00fcber den Z\u00f6llner und den Pharis\u00e4er\" beginnt die Vorbereitung auf die Fastenzeit - eine Bu\u00dfzeit, die uns wiederum auf das wichtigste kirchliche Fest vorbereitet - das Pascha Christi.  Am Vorabend der Alln\u00e4chtlichen Vigil h\u00f6rten wir zum ersten Mal in diesem Jahr die Worte des Gebetes: \"\u00d6ffne mir die T\u00fcren der Reue, o Lebensspender...\"<\/p>","protected":false},"author":3,"featured_media":20529,"comment_status":"open","ping_status":"open","sticky":false,"template":"","format":"standard","meta":{"_acf_changed":false,"footnotes":""},"categories":[26],"tags":[],"class_list":["post-20551","post","type-post","status-publish","format-standard","has-post-thumbnail","hentry","category-poslanija-i-stati"],"acf":[],"_links":{"self":[{"href":"https:\/\/nadegda.de\/de\/wp-json\/wp\/v2\/posts\/20551","targetHints":{"allow":["GET"]}}],"collection":[{"href":"https:\/\/nadegda.de\/de\/wp-json\/wp\/v2\/posts"}],"about":[{"href":"https:\/\/nadegda.de\/de\/wp-json\/wp\/v2\/types\/post"}],"author":[{"embeddable":true,"href":"https:\/\/nadegda.de\/de\/wp-json\/wp\/v2\/users\/3"}],"replies":[{"embeddable":true,"href":"https:\/\/nadegda.de\/de\/wp-json\/wp\/v2\/comments?post=20551"}],"version-history":[{"count":0,"href":"https:\/\/nadegda.de\/de\/wp-json\/wp\/v2\/posts\/20551\/revisions"}],"wp:featuredmedia":[{"embeddable":true,"href":"https:\/\/nadegda.de\/de\/wp-json\/wp\/v2\/media\/20529"}],"wp:attachment":[{"href":"https:\/\/nadegda.de\/de\/wp-json\/wp\/v2\/media?parent=20551"}],"wp:term":[{"taxonomy":"category","embeddable":true,"href":"https:\/\/nadegda.de\/de\/wp-json\/wp\/v2\/categories?post=20551"},{"taxonomy":"post_tag","embeddable":true,"href":"https:\/\/nadegda.de\/de\/wp-json\/wp\/v2\/tags?post=20551"}],"curies":[{"name":"wp","href":"https:\/\/api.w.org\/{rel}","templated":true}]}}