{"id":43904,"date":"2026-08-31T11:11:56","date_gmt":"2026-08-31T08:11:56","guid":{"rendered":"https:\/\/nadegda.de\/?p=43904"},"modified":"2026-08-31T11:35:43","modified_gmt":"2026-08-31T08:35:43","slug":"30-08-2026-nedelya-13-ya-po-pyatidesyatnicze-poprazdnstvo-uspeniya-presvyatoj-bogorodiczy","status":"publish","type":"post","link":"https:\/\/nadegda.de\/de\/material\/prihodskie-novosti\/30-08-2026-nedelya-13-ya-po-pyatidesyatnicze-poprazdnstvo-uspeniya-presvyatoj-bogorodiczy\/","title":{"rendered":"30.08.2026 13. Woche nach Pfingsten. Nachfest der Entschlafung der Gottesmutter"},"content":{"rendered":"<p><img decoding=\"async\" class=\"alignleft size-thumbnail wp-image-43905\" src=\"https:\/\/nadegda.de\/wp-content\/uploads\/2026\/08\/unbenannt7dzh-150x150.jpg\" alt=\"\" width=\"150\" height=\"150\" \/>Die Feierlichkeiten zum Fest der Entschlafung der Gottesmutter dauern an. Das Leichentuch bleibt zur Verehrung in der Mitte der Kirche ausgestellt.<\/p>\n<p>\u00a0Die Kirche f\u00fcllt sich zunehmend mit Gemeindemitgliedern, die aus dem Urlaub zur\u00fcckkehren. Die Schulferien gehen zu Ende.<\/p>\n<p>Der heutige Sonntag ist von vielen Ereignissen gepr\u00e4gt. Nach dem morgendlichen Gebet und der anschlie\u00dfenden G\u00f6ttlichen Liturgie am Altar hielt Vadim Abramov <img decoding=\"async\" class=\"alignleft size-thumbnail wp-image-43906\" src=\"https:\/\/nadegda.de\/wp-content\/uploads\/2026\/08\/unbenannt7v-150x150.jpg\" alt=\"\" width=\"150\" height=\"150\" \/>bedankte sich bei allen, die am heutigen Gottesdienst teilgenommen haben, die<br \/>\nEr sang, las die Gedenktexte vor, bereitete das Essen zu und erf\u00fcllte weitere Aufgaben.<\/p>\n<p>Nach Abschluss der Liturgie sang der Chor ein \u201eMnoholetie\u201c f\u00fcr die Assistentin unseres Pfarrers \u2013 Inna Roenko \u2013 sowie f\u00fcr weitere Gemeindemitglieder, die in dieser Woche ihre Geburtstage und Namenstage feierten.<\/p>\n<p><img decoding=\"async\" class=\"alignleft size-thumbnail wp-image-43908\" src=\"https:\/\/nadegda.de\/wp-content\/uploads\/2026\/08\/unbenannt7ol-150x150.jpg\" alt=\"\" width=\"150\" height=\"150\" \/>Kurz vor Beginn des neuen Schuljahres fand ein Gebetsgottesdienst f\u00fcr die Sch\u00fcler statt. Der Pfarrer besprengte alle Sch\u00fcler und Studenten mit Weihwasser.<\/p>\n<p>\u00a0\u00a0<br \/>\nAnschlie\u00dfend machte Pater Vadim einige wichtige Ank\u00fcndigungen und berichtete \u00fcber die vergangenen Ereignisse. Aber der Reihe nach.\u00a0<\/p>\n<p>\u00a0<br \/>\n<img loading=\"lazy\" decoding=\"async\" class=\"alignleft size-thumbnail wp-image-43952\" src=\"https:\/\/nadegda.de\/wp-content\/uploads\/2026\/08\/bez-imeni38t-150x150.jpeg\" alt=\"\" width=\"150\" height=\"150\" \/>Die Woche begann mit einem Besuch der Einsiedelei des Heiligen Spiridon von Trimythous, zu der unsere Gemeinde bereits seit fast 30 Jahren eine Wallfahrt unternimmt. Dort nahmen wir an der G\u00f6ttlichen Liturgie teil. (Zum ersten Mal waren wir nicht zu sp\u00e4t.) Alle konnten die Kommunion empfangen. Danach gab es ein br\u00fcderliches Mahl. Pater Nil erz\u00e4hlte uns ausf\u00fchrlich von der Geschichte des Klosters und vom Leben dort. Er berichtete, wie das Kloster und die deutsche Orthodoxie heute leben. Obwohl das Skete formal der serbisch-orthodoxen Kirche angeh\u00f6rt, richtet sich Pater Vasilii Grolimud, der Gr\u00fcnder des Skete, mit seiner Predigt in erster Linie an die Deutschen. Er wurde von den Heiligen Bergbewohnern entsandt, um das Orthodoxe Christentum wiederzubeleben \u2013 nicht um es einzuf\u00fchren, sondern um es wiederzubeleben. Denn bis zum Jahr 1054, so sagt er, war das deutsche Land orthodoxes Land.<br \/>\nDiesen Hort der orthodoxen Kirche, den wir so sehr lieben, sch\u00e4tzen und bewahren, konnten wir durch Gottes Gnade besuchen. F\u00fcr diejenigen, denen dies nicht m\u00f6glich war, gibt es einen kleinen Trost. Wir haben Honig aus diesem Kloster mitgebracht. Wer also den Segen des Klosters \u2013 diesen Honig \u2013 erhalten m\u00f6chte, wende sich bitte an den Laden.<\/p>\n<p><img loading=\"lazy\" decoding=\"async\" class=\"alignleft size-thumbnail wp-image-43943\" src=\"https:\/\/nadegda.de\/wp-content\/uploads\/2026\/08\/unbenannt7yv-150x150.jpg\" alt=\"\" width=\"150\" height=\"150\" \/>Das n\u00e4chste wichtige Ereignis, das bereits begonnen hat und noch andauert, ist das Fest der Entschlafung der Allerheiligsten Gottesmutter. Und auch heute kehren wir immer wieder zu den Bedeutungen und Sinninhalten dieses Festes f\u00fcr jeden einzelnen von uns zur\u00fcck. Wir freuen uns \u00fcber die Himmelfahrt, die zum Weg, zur Br\u00fccke ins ewige Leben wird.\u00a0<\/p>\n<p>Au\u00dferdem rufen wir euch heute zu einem guten Werk auf, n\u00e4mlich zu einer Spendenaktion zugunsten unserer Glaubensbr\u00fcder und -schwestern in der Ukraine. Heute soll Diakon Vasily zu uns kommen, der Hilfsg\u00fcter sammelt und in die Ukraine zu denjenigen transportiert, die sie derzeit ben\u00f6tigen. Und so k\u00f6nnt ihr denen helfen, die diese Hilfe derzeit nat\u00fcrlich dringend ben\u00f6tigen. Da die Kampfhandlungen nicht aufh\u00f6ren und wir nur hoffen und beten, dass der Herr die verfeindeten Seiten bes\u00e4nftigt, k\u00f6nnten und sollten wir diesen Menschen, die unter dieser Situation leiden, irgendwie helfen.<\/p>\n<p>Au\u00dferdem k\u00f6nnen Sie dabei wie immer eine Spende f\u00fcr unsere Kirche leisten.<\/p>\n<p><img loading=\"lazy\" decoding=\"async\" class=\"alignleft size-thumbnail wp-image-43934\" src=\"https:\/\/nadegda.de\/wp-content\/uploads\/2026\/08\/unbenannt7rp-150x150.jpg\" alt=\"\" width=\"150\" height=\"150\" \/>Eine weitere Ank\u00fcndigung: Wie Sie wissen, findet vom 1. bis zum 2. Oktober in der Kirche eine Di\u00f6zesanversammlung statt, an der die Geistlichen unserer Di\u00f6zese teilnehmen werden.<br \/>\nUnd auch hier ben\u00f6tigen wir Helferinnen f\u00fcr die Vorbereitung, die Durchf\u00fchrung des Essens und alles Weitere. Deshalb bitten wir unsere lieben Gemeindemitglieder, die die M\u00f6glichkeit dazu haben, sich bitte an Inna Roenko zu wenden; sie wird Ihnen gerne erkl\u00e4ren, wie und was zu tun ist, damit auch Sie sich an dieser guten Sache beteiligen k\u00f6nnen. So etwas gab es bei uns schon seit 16 Jahren nicht mehr.<\/p>\n<p><img loading=\"lazy\" decoding=\"async\" class=\"alignleft size-thumbnail wp-image-43907\" src=\"https:\/\/nadegda.de\/wp-content\/uploads\/2026\/08\/unbenannt7kucz-150x150.jpg\" alt=\"\" width=\"150\" height=\"150\" \/>Nach dem Essen fand ein Gespr\u00e4ch mit dem Priester Igor Schchirowski statt.<\/p>\n<p>Die Literaturliebhaber hingegen hatten sich in die Bibliothek zur\u00fcckgezogen, um dort bei einem literarischen Gespr\u00e4ch die Werke von N. S. Leskow zu besprechen.<\/p>\n<p>\nAnschlie\u00dfend wurden die Gottesdienste des Tages um 15:00 Uhr fortgesetzt. Es fand die Begr\u00e4bnisfeier der Gottesmutter statt. Die Matutin mit dem Gesang der Hymnen zur Unbeflecktheit und der Lobpreisungen der Allerheiligsten Gottesmutter. Sie begann mit einer Kreuzprozession.\u00a0<\/p>\n<p><img loading=\"lazy\" decoding=\"async\" class=\"alignleft size-thumbnail wp-image-43928\" src=\"https:\/\/nadegda.de\/wp-content\/uploads\/2026\/08\/unbenannt7lav-150x150.jpg\" alt=\"\" width=\"150\" height=\"150\" \/>So ist dieser Sonntag vergangen! Ich w\u00fcnsche euch allen eine frohe Arbeitswoche zur Ehre Gottes!<\/p>\n<p>Wir bedanken uns bei Tatjana Ganemann f\u00fcr die zugesandten Fotos.<\/p>\n<p><em>Wichtige Ank\u00fcndigung. Ab Montag beginnen alle Werktagsgottesdienste p\u00fcnktlich um 9:00 Uhr.\u00a0<\/em><\/p>","protected":false},"excerpt":{"rendered":"<p>Die Feierlichkeiten zum Fest der Entschlafung der Gottesmutter dauern an. Das Leichentuch bleibt zur Verehrung in der Mitte der Kirche ausgestellt. Die Kirche f\u00fcllt sich zunehmend mit Gemeindemitgliedern, die aus dem Urlaub zur\u00fcckkehren. Die Schulferien neigen sich dem Ende zu. Der heutige Sonntag ist von vielen Ereignissen gepr\u00e4gt. Nach dem morgendlichen Gebet und der anschlie\u00dfenden G\u00f6ttlichen Liturgie dankte Diakon Vadim Abramov allen, die am heutigen Gottesdienst teilgenommen hatten, die gesungen, die Gedenklisten verlesen, das Mahl vorbereitet und andere Dienste geleistet hatten.<\/p>","protected":false},"author":3,"featured_media":43905,"comment_status":"open","ping_status":"open","sticky":false,"template":"","format":"standard","meta":{"_acf_changed":false,"footnotes":""},"categories":[20],"tags":[],"class_list":["post-43904","post","type-post","status-publish","format-standard","has-post-thumbnail","hentry","category-prihodskie-novosti"],"acf":[],"_links":{"self":[{"href":"https:\/\/nadegda.de\/de\/wp-json\/wp\/v2\/posts\/43904","targetHints":{"allow":["GET"]}}],"collection":[{"href":"https:\/\/nadegda.de\/de\/wp-json\/wp\/v2\/posts"}],"about":[{"href":"https:\/\/nadegda.de\/de\/wp-json\/wp\/v2\/types\/post"}],"author":[{"embeddable":true,"href":"https:\/\/nadegda.de\/de\/wp-json\/wp\/v2\/users\/3"}],"replies":[{"embeddable":true,"href":"https:\/\/nadegda.de\/de\/wp-json\/wp\/v2\/comments?post=43904"}],"version-history":[{"count":5,"href":"https:\/\/nadegda.de\/de\/wp-json\/wp\/v2\/posts\/43904\/revisions"}],"predecessor-version":[{"id":43955,"href":"https:\/\/nadegda.de\/de\/wp-json\/wp\/v2\/posts\/43904\/revisions\/43955"}],"wp:featuredmedia":[{"embeddable":true,"href":"https:\/\/nadegda.de\/de\/wp-json\/wp\/v2\/media\/43905"}],"wp:attachment":[{"href":"https:\/\/nadegda.de\/de\/wp-json\/wp\/v2\/media?parent=43904"}],"wp:term":[{"taxonomy":"category","embeddable":true,"href":"https:\/\/nadegda.de\/de\/wp-json\/wp\/v2\/categories?post=43904"},{"taxonomy":"post_tag","embeddable":true,"href":"https:\/\/nadegda.de\/de\/wp-json\/wp\/v2\/tags?post=43904"}],"curies":[{"name":"wp","href":"https:\/\/api.w.org\/{rel}","templated":true}]}}