{"id":5909,"date":"2014-08-27T22:15:56","date_gmt":"2014-08-27T19:15:56","guid":{"rendered":"https:\/\/nadegda.de\/2014\/08\/27\/28-avgusta-uspenie-presvjatoj-vladychicy-nashej-bogorodicy-i-prisnodevy-marii\/"},"modified":"2014-08-27T22:15:56","modified_gmt":"2014-08-27T19:15:56","slug":"28-avgusta-uspenie-presvjatoj-vladychicy-nashej-bogorodicy-i-prisnodevy-marii","status":"publish","type":"post","link":"https:\/\/nadegda.de\/de\/material\/o-drugih-prihodah\/28-avgusta-uspenie-presvjatoj-vladychicy-nashej-bogorodicy-i-prisnodevy-marii\/","title":{"rendered":"28. August. Mari\u00e4 Himmelfahrt der Allerheiligsten Gottesmutter und Mutter Gottes und Mutter der G\u00f6ttin Maria"},"content":{"rendered":"<div style=\"font-size: medium; text-align: center;\"><span style=\"font-size: 14px;\"><strong><span style=\"color: #ff0000;\"><span style=\"font-size: 16px;\">Sch\u00f6ne Ferien!<\/span><\/span><\/strong><span style=\"color: #ff0000;\"><span style=\"font-size: 16px;\"> <\/span><\/span><br \/> <\/span><\/div>\n<div style=\"font-size: medium;\"><span style=\"font-size: 14px;\"><img decoding=\"async\" class=\"alignleft size-full wp-image-5876\" src=\"https:\/\/nadegda.de\/wp-content\/uploads\/2014\/08\/0243.jpg\" alt=\"\" width=\"100\" height=\"75\" align=\"left\" \/>\"<em>Kommt, wir feiern die allgemeine Ruhe \/ der allheiligen Mutter Gottes, \/ denn heute feiern die Engel \/ die ehrenvolle Ruhe der Mutter Gottes \/ und rufen uns Erdenmenschen zur Freude auf, \/ indem sie mit leisen Stimmen rufen: \/ Freue dich, o du, die du von der Erde geschieden \/ und zur himmlischen Wohnstatt gegangen bist. \/ Freue dich, du, der du das Antlitz der J\u00fcnger in einer hellen Wolke versammelt hast. \/ Freue dich, unsere Hoffnung und unser Heil, denn das Christengeschlecht preist dich unaufh\u00f6rlich.<\/em>\"<br \/> <span style=\"font-family: Courier New;\">(Strophe zu \"Glory, and Now\" aus der Kleinen Vesper, Stimme 6).<\/span><\/span><span style=\"font-size: 14px;\"><br \/> <\/span><\/div>\n<p><!--more--><\/p>\n<div style=\"text-align: left;\"><strong><span style=\"font-size: 14px;\">Dortmund<\/span><\/strong><span style=\"font-size: 14px;\">. In der Dreifaltigkeitskirche wurden Gottesdienste zum Fest der Entschlafung abgehalten. Bei der Alln\u00e4chtlichen Vigil wurde das Grabtuch der Mutter Gottes durch die k\u00f6niglichen Tore getragen und verehrt (Foto oben).&nbsp;<br \/> \"<em>Wir preisen Dich, o unbefleckte Mutter Christi, unseres Gottes, und verherrlichen Deine Ruhest\u00e4tte in glorreicher Herrlichkeit<\/em>\".<br \/> <\/span><span style=\"font-size: 14px;\"><span style=\"font-size: 14px;\">Nach dem Gottesdienst gibt es - wie immer, der Tradition entsprechend - ein festliches br\u00fcderliches Mahl.<\/span><\/p>\n<p> <\/span><strong><span style=\"font-size: 14px;\"><span style=\"font-size: 14px;\"><img decoding=\"async\" class=\"alignleft size-full wp-image-5877\" src=\"https:\/\/nadegda.de\/wp-content\/uploads\/2014\/08\/029.JPG\" alt=\"\" width=\"100\" height=\"75\" align=\"left\" \/><\/span><img decoding=\"async\" class=\"alignleft size-full wp-image-5878\" src=\"https:\/\/nadegda.de\/wp-content\/uploads\/2014\/08\/0281.jpg\" alt=\"\" width=\"100\" height=\"75\" align=\"left\" \/><\/span><\/strong><span style=\"font-size: 14px;\"><br \/> <\/span><\/p>\n<p> &nbsp;<\/div>\n<div style=\"text-align: center;\">* * *<\/div>\n<p><img loading=\"lazy\" decoding=\"async\" class=\"alignleft size-full wp-image-5879\" src=\"https:\/\/nadegda.de\/wp-content\/uploads\/2014\/08\/2014_08_27-0111.jpg\" alt=\"\" width=\"100\" height=\"75\" align=\"left\" \/><span style=\"font-size: 14px;\">Erinnern wir uns kurz an die heiligen Ereignisse des Festes und seine Geschichte. Wie uns das \"Wort des Johannes des Theologen \u00fcber die Entschlafung der Theotokos\" berichtet, wurde sie vom Erzengel Gabriel besucht, der sie mit den Worten ansprach: \"Freue dich, du Gn\u00e4dige, der Herr ist mit dir!\". - \u00fcber ihren bevorstehenden Tod informierte. Vor ihrer Entschlafung versammelte sich eine Schar von Aposteln aus allen Teilen des Universums, die \"auf Wolken des Lichts\" durch die Luft getragen wurden. Sie alle, angef\u00fchrt vom Apostel Petrus und Jakobus, dem Bruder des Herrn, versammelten sich im Obergemach des Zions, wo die Mutter Gottes auf ihrem Sterbebett lag. Sie bat sie, sie in Gethsemane zu begraben, und mit den Worten: \"Mein Sohn und mein Gott, nimm meinen Geist auf\", \u00fcbergab sie ihre reine Seele friedlich in die H\u00e4nde des Herrn. Daraufhin sahen die Apostel Christus in der Herrlichkeit mit Engeln, die die Seele Seiner Mutter abholten. Mit Freude und Tr\u00e4nen trugen sie den reinen Leib der Mutter Gottes in den Garten Gethsemane. Auf dem Weg dorthin wurde einer der Juden (nach Johannes von Damaskus, <\/span><span style=\"font-size: 14px;\"><span style=\"font-size: 14px;\">Verwandter des Kaiphas<\/span>) versuchte, die Bahre mit dem Leichnam der Jungfrau Maria umzusto\u00dfen - und wurde sofort von einem Engel bestraft, der ihm die H\u00e4nde abhackte. Nachdem er Bu\u00dfe getan hatte, wurde er geheilt. Dann kehrten die Apostel nach Jerusalem zur\u00fcck, wo sie den Apostel&nbsp;<\/span><span style=\"font-size: 14px;\">Thomas, der keine Zeit f\u00fcr die Beerdigung hatte. Auf seine eindringliche und tr\u00e4nenreiche Bitte hin kehrten sie nach Gethsemane zum Sarg zur\u00fcck und w\u00e4lzten den Stein weg, aber der Leib der Jungfrau war nicht mehr zu finden. Bei ihrer R\u00fcckkehr nach Jerusalem w\u00e4hrend des Abendmahls erschien ihnen die Heilige Jungfrau. Dies ist die Geschichte der Ereignisse.<\/span><\/p>\n<div><span style=\"font-size: 14px;\"><\/span><span style=\"font-size: 14px;\">Auf dem Foto: Kiew. Abendgottesdienst in der St.-Nikolaus-Kirche \"am Wasser\".<\/span><\/p>\n<div>&nbsp; <span style=\"font-size: 14px;\"><img loading=\"lazy\" decoding=\"async\" class=\"alignleft size-full wp-image-5880\" src=\"https:\/\/nadegda.de\/wp-content\/uploads\/2014\/08\/2014_08_27-0081.jpg\" alt=\"\" width=\"100\" height=\"75\" align=\"left\" \/><\/span><img loading=\"lazy\" decoding=\"async\" class=\"alignleft size-full wp-image-5881\" src=\"https:\/\/nadegda.de\/wp-content\/uploads\/2014\/08\/2014_08_27-0061.jpg\" alt=\"\" width=\"100\" height=\"75\" style=\"font-size: medium;\" align=\"left\" \/><img loading=\"lazy\" decoding=\"async\" class=\"alignleft size-full wp-image-5882\" src=\"https:\/\/nadegda.de\/wp-content\/uploads\/2014\/08\/2014_08_27-0101.jpg\" alt=\"\" width=\"100\" height=\"75\" style=\"font-size: 13.63636302947998px;\" align=\"left\" \/><img loading=\"lazy\" decoding=\"async\" class=\"alignleft size-full wp-image-5883\" src=\"https:\/\/nadegda.de\/wp-content\/uploads\/2014\/08\/2014_08_27-0141.jpg\" alt=\"\" width=\"100\" height=\"75\" style=\"font-size: 13.63636302947998px;\" align=\"left\" \/><\/div>\n<div><span style=\"font-size: 14px;\"><br \/> <\/span><\/div>\n<div><span style=\"font-size: 14px;\"><span class=\"Apple-tab-span\" style=\"white-space: pre;\"><br \/> <\/span><\/span><\/div>\n<div><img loading=\"lazy\" decoding=\"async\" class=\"alignleft size-full wp-image-5884\" src=\"https:\/\/nadegda.de\/wp-content\/uploads\/2014\/08\/2013-05-09-0143.jpg\" alt=\"\" width=\"100\" height=\"75\" align=\"left\" \/> <span style=\"font-size: 14px;\">St. Nikolaus Kirche \"am Wasser\".<\/span><img loading=\"lazy\" decoding=\"async\" class=\"alignleft size-full wp-image-5885\" src=\"https:\/\/nadegda.de\/wp-content\/uploads\/2014\/08\/2014_08_27-0032.jpg\" alt=\"\" width=\"100\" height=\"75\" align=\"left\" \/><\/div>\n<p><span style=\"font-size: 14px;\">Chorsingen vor dem Gottesdienst.<\/span><\/p>\n<p><span style=\"font-size: 14px;\">Auf dem Foto: Kiew. Liturgie im Cyrill-Kloster.<\/p>\n<p> <img loading=\"lazy\" decoding=\"async\" class=\"alignleft size-full wp-image-5886\" src=\"https:\/\/nadegda.de\/wp-content\/uploads\/2014\/08\/2014_08_28-kiev-004.JPG\" alt=\"\" width=\"100\" height=\"75\" align=\"left\" \/><\/span><span style=\"font-size: 14px;\"><img loading=\"lazy\" decoding=\"async\" class=\"alignleft size-full wp-image-5887\" src=\"https:\/\/nadegda.de\/wp-content\/uploads\/2014\/08\/2014_08_28-kiev-009.JPG\" alt=\"\" width=\"100\" height=\"75\" align=\"left\" \/><\/span><span style=\"font-size: 14px;\"><img loading=\"lazy\" decoding=\"async\" class=\"alignleft size-full wp-image-5888\" src=\"https:\/\/nadegda.de\/wp-content\/uploads\/2014\/08\/2014_08_28-kiev-011.JPG\" alt=\"\" width=\"100\" height=\"75\" align=\"left\" \/><\/span><span style=\"font-size: 14px;\"><span style=\"font-size: 14px;\"><img loading=\"lazy\" decoding=\"async\" class=\"alignleft size-full wp-image-5889\" src=\"https:\/\/nadegda.de\/wp-content\/uploads\/2014\/08\/2014_08_28-kiev-018.JPG\" alt=\"\" width=\"100\" height=\"75\" align=\"left\" \/><\/span><\/span><span style=\"font-size: 14px;\"><\/p>\n<p> <\/span><span style=\"font-size: 14px;\"><span style=\"font-size: 14px;\"><span style=\"font-size: 14px;\"><img loading=\"lazy\" decoding=\"async\" class=\"alignleft size-full wp-image-5890\" src=\"https:\/\/nadegda.de\/wp-content\/uploads\/2014\/08\/2014_08_28-kiev-021.JPG\" alt=\"\" width=\"100\" height=\"75\" align=\"left\" \/><\/span><\/span><\/span><span style=\"font-size: 14px;\"><span style=\"font-size: 14px;\"><span style=\"font-size: 14px;\"><span style=\"font-size: 14px;\"><img loading=\"lazy\" decoding=\"async\" class=\"alignleft size-full wp-image-5891\" src=\"https:\/\/nadegda.de\/wp-content\/uploads\/2014\/08\/2014_08_28-kiev-017.JPG\" alt=\"\" width=\"100\" height=\"75\" align=\"left\" \/><\/span><\/span><\/span><img loading=\"lazy\" decoding=\"async\" class=\"alignleft size-full wp-image-5892\" src=\"https:\/\/nadegda.de\/wp-content\/uploads\/2014\/08\/2014_08_28-kiev-0071.jpg\" alt=\"\" width=\"100\" height=\"75\" align=\"left\" \/><\/span><img loading=\"lazy\" decoding=\"async\" class=\"alignleft size-full wp-image-5893\" src=\"https:\/\/nadegda.de\/wp-content\/uploads\/2014\/08\/2014_08_28-kiev-022.JPG\" alt=\"\" width=\"100\" height=\"75\" align=\"left\" \/> <\/p>\n<p> <span style=\"font-size: 14px;\"><\/p>\n<p> Transfer nach der Liturgie des Grabtuchs der Gottesmutter von der Kirill-Kirche zur Wassiljewski-Kirche.<\/span><\/p>\n<p> <img loading=\"lazy\" decoding=\"async\" class=\"alignleft size-full wp-image-5894\" src=\"https:\/\/nadegda.de\/wp-content\/uploads\/2014\/08\/2014_08_28-kiev-028.JPG\" alt=\"\" width=\"100\" height=\"75\" style=\"font-size: 13.63636302947998px;\" align=\"left\" \/><img loading=\"lazy\" decoding=\"async\" class=\"alignleft size-full wp-image-5895\" src=\"https:\/\/nadegda.de\/wp-content\/uploads\/2014\/08\/2014_08_28-kiev-030.JPG\" alt=\"\" width=\"100\" height=\"75\" style=\"font-size: 13.63636302947998px;\" align=\"left\" \/><\/div>\n<div><img loading=\"lazy\" decoding=\"async\" class=\"alignleft size-full wp-image-5896\" src=\"https:\/\/nadegda.de\/wp-content\/uploads\/2014\/08\/2014_08_28-kiev-033.JPG\" alt=\"\" width=\"100\" height=\"75\" align=\"left\" \/><\/div>\n<div><img loading=\"lazy\" decoding=\"async\" class=\"alignleft size-full wp-image-5897\" src=\"https:\/\/nadegda.de\/wp-content\/uploads\/2014\/08\/2014_08_28-kiev-036.JPG\" alt=\"\" width=\"100\" height=\"75\" align=\"left\" \/><\/div>\n<div>\n<p> <span style=\"font-size: 14px;\"><br \/> In der Basilius-Kirche.<\/span><\/p>\n<p> <img loading=\"lazy\" decoding=\"async\" class=\"alignleft size-full wp-image-5898\" src=\"https:\/\/nadegda.de\/wp-content\/uploads\/2014\/08\/2014_08_28-kiev-039.JPG\" alt=\"\" width=\"100\" height=\"75\" align=\"left\" \/><\/div>\n<div><img loading=\"lazy\" decoding=\"async\" class=\"alignleft size-full wp-image-5899\" src=\"https:\/\/nadegda.de\/wp-content\/uploads\/2014\/08\/2014_08_28-kiev-046.JPG\" alt=\"\" width=\"100\" height=\"75\" align=\"left\" \/><img loading=\"lazy\" decoding=\"async\" class=\"alignleft size-full wp-image-5900\" src=\"https:\/\/nadegda.de\/wp-content\/uploads\/2014\/08\/2014_08_28-kiev-042.JPG\" alt=\"\" width=\"100\" height=\"75\" align=\"left\" \/><\/div>\n<div><img loading=\"lazy\" decoding=\"async\" class=\"alignleft size-full wp-image-5901\" src=\"https:\/\/nadegda.de\/wp-content\/uploads\/2014\/08\/2014_08_28-kiev-047.JPG\" alt=\"\" width=\"100\" height=\"75\" align=\"left\" \/><\/div>\n<div>\n<p> <span style=\"font-size: 14px;\"><br \/> Der Orden der Panagia. Im Refektorium.<\/span><\/p>\n<p> <img loading=\"lazy\" decoding=\"async\" class=\"alignleft size-full wp-image-5902\" src=\"https:\/\/nadegda.de\/wp-content\/uploads\/2014\/08\/2014_08_28-kiev-050.JPG\" alt=\"\" width=\"100\" height=\"75\" align=\"left\" \/><img loading=\"lazy\" decoding=\"async\" class=\"alignleft size-full wp-image-5903\" src=\"https:\/\/nadegda.de\/wp-content\/uploads\/2014\/08\/2014_08_28-kiev-054.JPG\" alt=\"\" width=\"100\" height=\"75\" align=\"left\" \/><img loading=\"lazy\" decoding=\"async\" class=\"alignleft size-full wp-image-5904\" src=\"https:\/\/nadegda.de\/wp-content\/uploads\/2014\/08\/2014_08_28-kiev-060.JPG\" alt=\"\" width=\"100\" height=\"75\" align=\"left\" \/><img loading=\"lazy\" decoding=\"async\" class=\"alignleft size-full wp-image-5905\" src=\"https:\/\/nadegda.de\/wp-content\/uploads\/2014\/08\/2014_08_28-kiev-053.JPG\" alt=\"\" width=\"100\" height=\"75\" align=\"left\" \/><\/div>\n<div>\n<p> <span style=\"font-size: 14px;\"> Nach der Mahlzeit im Tempel.<\/span><\/div>\n<div><img loading=\"lazy\" decoding=\"async\" class=\"alignleft size-full wp-image-5906\" src=\"https:\/\/nadegda.de\/wp-content\/uploads\/2014\/08\/2014_08_28-kiev-080.JPG\" alt=\"\" width=\"100\" height=\"75\" align=\"left\" \/><img loading=\"lazy\" decoding=\"async\" class=\"alignleft size-full wp-image-5907\" src=\"https:\/\/nadegda.de\/wp-content\/uploads\/2014\/08\/2014_08_28-kiev-075.JPG\" alt=\"\" width=\"75\" height=\"100\" align=\"left\" \/><\/p>\n<div><img loading=\"lazy\" decoding=\"async\" class=\"alignleft size-full wp-image-5908\" src=\"https:\/\/nadegda.de\/wp-content\/uploads\/2014\/08\/2014_08_28-kiev-049.JPG\" alt=\"\" width=\"100\" height=\"75\" align=\"left\" \/><\/div>\n<\/div>","protected":false},"excerpt":{"rendered":"<p>Ein frohes Fest! \"Kommt, wir feiern die allgemeine Ruhe \/ der allheiligen Mutter Gottes, \/ denn heute feiern die Engel \/ die ehrenvolle Ruhe der Mutter Gottes \/ und rufen uns Irdische zur Freude auf, \/ indem sie mit leisen Stimmen rufen: \/ Freue dich, o Mutter Gottes, die von der Erde \/ und zu den himmlischen Wohnst\u00e4tten gegangen ist. \/ Freue dich, o du, der du das Antlitz der J\u00fcnger in einer lichten Wolke versammelt hast. \/ Freue dich, unsere Hoffnung und unser Heil, \/ Denn das Christengeschlecht preist dich unaufh\u00f6rlich\" (Strophe zu \"Herrlichkeit, und nun\" der Kleinen Vesper, Ton 6).<\/p>","protected":false},"author":1,"featured_media":5876,"comment_status":"open","ping_status":"open","sticky":false,"template":"","format":"standard","meta":{"_acf_changed":false,"footnotes":""},"categories":[33],"tags":[],"class_list":["post-5909","post","type-post","status-publish","format-standard","has-post-thumbnail","hentry","category-o-drugih-prihodah"],"acf":[],"_links":{"self":[{"href":"https:\/\/nadegda.de\/de\/wp-json\/wp\/v2\/posts\/5909","targetHints":{"allow":["GET"]}}],"collection":[{"href":"https:\/\/nadegda.de\/de\/wp-json\/wp\/v2\/posts"}],"about":[{"href":"https:\/\/nadegda.de\/de\/wp-json\/wp\/v2\/types\/post"}],"author":[{"embeddable":true,"href":"https:\/\/nadegda.de\/de\/wp-json\/wp\/v2\/users\/1"}],"replies":[{"embeddable":true,"href":"https:\/\/nadegda.de\/de\/wp-json\/wp\/v2\/comments?post=5909"}],"version-history":[{"count":0,"href":"https:\/\/nadegda.de\/de\/wp-json\/wp\/v2\/posts\/5909\/revisions"}],"wp:featuredmedia":[{"embeddable":true,"href":"https:\/\/nadegda.de\/de\/wp-json\/wp\/v2\/media\/5876"}],"wp:attachment":[{"href":"https:\/\/nadegda.de\/de\/wp-json\/wp\/v2\/media?parent=5909"}],"wp:term":[{"taxonomy":"category","embeddable":true,"href":"https:\/\/nadegda.de\/de\/wp-json\/wp\/v2\/categories?post=5909"},{"taxonomy":"post_tag","embeddable":true,"href":"https:\/\/nadegda.de\/de\/wp-json\/wp\/v2\/tags?post=5909"}],"curies":[{"name":"wp","href":"https:\/\/api.w.org\/{rel}","templated":true}]}}