{"id":6601,"date":"2014-12-15T12:11:23","date_gmt":"2014-12-15T09:11:23","guid":{"rendered":"https:\/\/nadegda.de\/2014\/12\/15\/nedelja-27-ja-po-pjatidesjatnice\/"},"modified":"2024-12-23T14:02:28","modified_gmt":"2024-12-23T11:02:28","slug":"nedelja-27-ja-po-pjatidesjatnice","status":"publish","type":"post","link":"https:\/\/nadegda.de\/de\/material\/prihodskie-novosti\/nedelja-27-ja-po-pjatidesjatnice\/","title":{"rendered":"2014.12.15 27. Woche zu Pfingsten"},"content":{"rendered":"<p><img decoding=\"async\" class=\"alignleft size-full wp-image-6571\" src=\"https:\/\/nadegda.de\/wp-content\/uploads\/2014\/12\/2014_12_09-329.jpg\" alt=\"\" width=\"100\" height=\"75\" align=\"left\" \/><span style=\"font-size: 20px;\">An diesem Sonntag feierte unsere Gemeinde den Geburtstag unseres verstorbenen Rektors, Erzpriester Leonid Tsypin. Nach der Liturgie feierten wir die Liturgie des Gedenkens und die Weihe einer Kalacha (nach serbischem Brauch) zum Gedenken an Pater Leonid.<\/span><\/p>\n<p><span style=\"font-size: 20px;\"> W\u00e4hrend des Essens wurden Gedichte vorgetragen und Lieder gesungen. Wir gratulierten unserer Regentin Ljudmila Geiger herzlich zu ihrem Geburtstag. Anschlie\u00dfend fand ein Seminar unter der Leitung von Veniamin Tsypin statt.<\/span><\/p>\n<p><span style=\"font-size: 20px;\"><strong>Die Weihe der Kalacha. Was ist das?<\/strong> Vater Leonid hat diesen Brauch von den Serben gelernt, mit denen er \"Slava\" zu besuchen pflegte. \"Slawa\" ist ein Fest der Familie. Und da wir, so Pater Leonid, das Abendmahl aus demselben Kelch empfangen, haben wir einen gemeinsamen Vater, wir sind also alle eine Familie. <\/span><br \/>\n<span style=\"font-size: 20px;\"><img decoding=\"async\" class=\"alignleft size-full wp-image-6579\" src=\"https:\/\/nadegda.de\/wp-content\/uploads\/2014\/12\/2014_12_09-268.jpg\" alt=\"\" width=\"100\" height=\"75\" align=\"left\" \/>Der Slawische Kalatsch, ein mit Teigmustern verzierter Laib, symbolisiert das Brot des Lebens - Jesus Christus. Der Wein, mit dem der Laib begossen wird, erinnert an das Blut, das der Erl\u00f6ser am Kreuz vergossen hat. <br \/>\nKalach wird zum Gedenken an verstorbene Angeh\u00f6rige zubereitet, die im orthodoxen Glauben ruhen. <br \/>\n\u00a0Nach einem besonderen Gebet des Priesters, an dem die ganze Familie teilnimmt, wird das Brot gebrochen und mit den Worten \"Christus ist in unserer Mitte\" und \"Und ist und wird sein!\" mit allen geteilt. (Foto)<\/span><\/p>\n<p><span style=\"font-size: 20px;\">Die Geburtstagskinder heute waren Ludmila Geiger und John Justus.<\/span><\/p>\n<p><span style=\"font-size: 20px;\"> Ludmila Geiger ist seit der Gr\u00fcndung der Gemeinde unsere st\u00e4ndige Regentin.<\/span><span style=\"font-size: 14px;\"><span style=\"font-size: 20px;\"> Veniamin Tsypin, der Ludmila zu ihrem Geburtstag gratulierte, erinnerte an die Geschichte ihres Erscheinens in unserer Kirche.<\/span><\/span><\/p>\n<p><span style=\"font-size: 14px;\"><strong><span style=\"font-size: 20px;\">GESCHICHTE<\/span><\/strong><\/p>\n<p><span style=\"font-size: 20px;\">1995<em>. \"Die Fastenzeit hat begonnen - am Montag sind wir zu dritt auf der Kliros - ich, Lena und Larissa. <\/em><\/span><\/span><\/p>\n<p><span style=\"font-size: 14px;\"><span style=\"font-size: 20px;\"><em>Pater Leonid ist der einzige, der singen kann und wei\u00df, was er singen soll, aber er muss immer noch als Priester dienen, nicht als Chors\u00e4nger;<\/em><\/span><\/span><\/p>\n<p><span style=\"font-size: 14px;\"><span style=\"font-size: 20px;\"><em> Ich kann lesen und ich glaube, ich kann singen, aber ich kann es wirklich nicht.<\/em><\/span><\/span><\/p>\n<p><span style=\"font-size: 14px;\"><span style=\"font-size: 20px;\"><em> Lena kann singen, wei\u00df aber nicht wie, und Larissa kann die Noten singen, versteht aber den Text nicht. <\/em><\/span><\/span><\/p>\n<p><span style=\"font-size: 14px;\"><span style=\"font-size: 20px;\"><em>Am Montag haben wir irgendwie alles gesungen, alles gelesen. Wir sind entschlossen, wir werden durchhalten, wir werden durchhalten; ich schaue Pater Leonid an, er ist optimistisch, aber anscheinend erinnert er sich mit Sehnsucht an Kiew.<br \/>\nIch wei\u00df nicht, wie er zum Himmel seufzte, aber am Dienstag blieben seine Seufzer nicht unbeantwortet - ein junger, schlanker Mann erschien <img decoding=\"async\" class=\"alignleft size-full wp-image-6580\" src=\"https:\/\/nadegda.de\/wp-content\/uploads\/2014\/12\/200.jpg\" alt=\"\" width=\"75\" height=\"100\" align=\"left\" \/>eine Frau, etwa 27 Jahre alt, stand ein paar Minuten da, h\u00f6rte uns beim Singen und Lesen zu und ging mit einer ruckartigen Bewegung auf den Chor zu, noch ein Schritt - und sie steht neben uns, schaut sich das Triodion an und.... <\/em><\/span><\/span><span style=\"font-size: 14px;\"><span style=\"font-size: 20px;\"><em>Sie wusste, wie man singt, sie wusste, was man singt, und sie sprach die kirchenslawischen Worte deutlich aus. Wie sich herausstellte, kam sie aus einem slawischen Land, Polen, und sie sprach Russisch mit einem tollen Akzent. Wir dr\u00e4ngten uns hinein, bewegten uns, schauten einander an und... am Ende des Gottesdienstes hatten wir einen Regenten.<\/em>.\u00bb <\/span><br \/>\n<\/span><\/p>\n<p><span style=\"font-size: 20px;\">W\u00e4hrend des Essens sprach Veniamin \u00fcber seinen Vater. Valentin Velma las seine Gedichte \u00fcber Pater Leonid. Apollinaria erz\u00e4hlte ein heiteres Gedicht, und Georgy Okudzhava (Jr.) <em>Kameraden<\/em> sang ein georgisches Lied. (Foto)<\/span><\/p>\n<p><span style=\"font-size: 20px;\"><img loading=\"lazy\" decoding=\"async\" class=\"alignleft size-full wp-image-6592\" src=\"https:\/\/nadegda.de\/wp-content\/uploads\/2014\/12\/2014_12_09-323.jpg\" alt=\"\" width=\"100\" height=\"75\" align=\"left\" \/>Dann gab es ein Seminar, das dem Gedenken an Erzpriester Leonid gewidmet war, und so wurde das Thema \"Leben\" gew\u00e4hlt. <br \/>\nDie Teilnehmer beantworteten Fragen und h\u00f6rten den anderen zu. Das Ergebnis war, dass viele Menschen erkannten, was ihr Leben erf\u00fcllt und gl\u00fccklich macht. Nachdem sie den Begriff \"Leben\" f\u00fcr sich selbst erkannt hatten, konnten sie ihn auf neue Weise betrachten und das Wichtige vom Nebens\u00e4chlichen auf ihrem Lebensweg unterscheiden.<\/span><\/p>\n<p><span style=\"font-size: 20px;\">Der Sonntagnachmittag war f\u00fcr alle noch nicht zu Ende - nach dem Seminar und dem Singen mit Luda Geiger (die Vorbereitungen f\u00fcr Weihnachten laufen bereits) fuhren die Jugendlichen ins Krankenhaus. <\/span><span style=\"font-size: 14px;\"><span style=\"font-size: 20px;\">um Jaroslav zu besuchen.\"<em>auf einem Bett aus Krankheit<\/em>\" . (Foto)<\/span><br \/>\n<\/span><\/p>","protected":false},"excerpt":{"rendered":"<p>An diesem Sonntag feierte unsere Gemeinde den Geburtstag unseres verstorbenen Rektors, Erzpriester Leonid Tsypin. Nach der Liturgie wurde eine Requiem-Liturgie gefeiert und eine Kalacha (nach serbischem Brauch) zum Gedenken an Pater Leonid geweiht. W\u00e4hrend des Essens wurden Gedichte vorgetragen und Lieder gesungen. Unserer Regentin Ludmila Geiger wurde herzlich zu ihrem Geburtstag gratuliert. Anschlie\u00dfend fand ein Seminar unter der Leitung von Veniamin Tsypin statt.<\/p>","protected":false},"author":1,"featured_media":6571,"comment_status":"open","ping_status":"open","sticky":false,"template":"","format":"standard","meta":{"_acf_changed":false,"footnotes":""},"categories":[20],"tags":[],"class_list":["post-6601","post","type-post","status-publish","format-standard","has-post-thumbnail","hentry","category-prihodskie-novosti"],"acf":[],"_links":{"self":[{"href":"https:\/\/nadegda.de\/de\/wp-json\/wp\/v2\/posts\/6601","targetHints":{"allow":["GET"]}}],"collection":[{"href":"https:\/\/nadegda.de\/de\/wp-json\/wp\/v2\/posts"}],"about":[{"href":"https:\/\/nadegda.de\/de\/wp-json\/wp\/v2\/types\/post"}],"author":[{"embeddable":true,"href":"https:\/\/nadegda.de\/de\/wp-json\/wp\/v2\/users\/1"}],"replies":[{"embeddable":true,"href":"https:\/\/nadegda.de\/de\/wp-json\/wp\/v2\/comments?post=6601"}],"version-history":[{"count":0,"href":"https:\/\/nadegda.de\/de\/wp-json\/wp\/v2\/posts\/6601\/revisions"}],"wp:featuredmedia":[{"embeddable":true,"href":"https:\/\/nadegda.de\/de\/wp-json\/wp\/v2\/media\/6571"}],"wp:attachment":[{"href":"https:\/\/nadegda.de\/de\/wp-json\/wp\/v2\/media?parent=6601"}],"wp:term":[{"taxonomy":"category","embeddable":true,"href":"https:\/\/nadegda.de\/de\/wp-json\/wp\/v2\/categories?post=6601"},{"taxonomy":"post_tag","embeddable":true,"href":"https:\/\/nadegda.de\/de\/wp-json\/wp\/v2\/tags?post=6601"}],"curies":[{"name":"wp","href":"https:\/\/api.w.org\/{rel}","templated":true}]}}